{"id":593,"__str__":"Ata de Reuni\u00e3o - AUDI\u00caNCIA P\u00daBLICA de 31/08/2017 por PODER EXECUTIVO ","link_detail_backend":"/materia/documentoacessorio/593","metadata":{},"nome":"AUDI\u00caNCIA P\u00daBLICA","data":"2017-08-31","autor":"PODER EXECUTIVO ","ementa":"","indexacao":"","arquivo":"http://sapl.sarandi.pr.leg.br/media/sapl/public/documentoacessorio/2017/593/593.pdf","data_ultima_atualizacao":"2018-06-20T16:12:59.038624-03:00","materia":391,"tipo":2}