{"id":10092,"__str__":"Indica\u00e7\u00e3o n\u00ba 298 de 2025","link_detail_backend":"/materia/10092","metadata":{"signs":{"texto_original":{"admin":[],"autores":[["Sarandi Camara Municipal",["2025-09-12T14:21:04-03:00","ICP-Brasil - Certificado PJ A1"]]]}}},"numero":298,"ano":2025,"numero_protocolo":862,"data_apresentacao":"2025-09-11","tipo_apresentacao":"E","data_publicacao":null,"numero_origem_externa":"","ano_origem_externa":null,"data_origem_externa":null,"apelido":"","dias_prazo":null,"data_fim_prazo":null,"em_tramitacao":true,"polemica":false,"objeto":"","complementar":false,"ementa":"Indica ao senhor Prefeito que realize a liga\u00e7\u00e3o da rede de esgoto do Sal\u00e3o Comunit\u00e1rio do Jardim Castelo, situado na Rua Alexandre Alves, n\u00ba 43-1, esquina com a Rua Canad\u00e1, no bairro Jardim Castelo, neste Munic\u00edpio. O Sal\u00e3o Comunit\u00e1rio do Jardim Castelo desempenha papel fundamental na promo\u00e7\u00e3o de atividades sociais, culturais e comunit\u00e1rias, sendo frequentemente utilizado por moradores da regi\u00e3o para reuni\u00f5es, eventos e a\u00e7\u00f5es de interesse p\u00fablico. No entanto, a aus\u00eancia de liga\u00e7\u00e3o \u00e0 rede p\u00fablica de esgoto compromete as condi\u00e7\u00f5es sanit\u00e1rias do local, gerando riscos \u00e0 sa\u00fade dos\r\nusu\u00e1rios e \u00e0 preserva\u00e7\u00e3o ambiental. A conex\u00e3o adequada \u00e0 rede coletora de esgoto \u00e9 essencial para garantir higiene, seguran\u00e7a e qualidade de vida, al\u00e9m de estar alinhada \u00e0s diretrizes de saneamento b\u00e1sico previstas na legisla\u00e7\u00e3o vigente. A medida contribuir\u00e1 para a valoriza\u00e7\u00e3o do espa\u00e7o p\u00fablico, o fortalecimento da cidadania e a preven\u00e7\u00e3o de doen\u00e7as relacionadas \u00e0 falta de infraestrutura sanit\u00e1ria.","indexacao":"","observacao":"","resultado":"","texto_original":"http://sapl.sarandi.pr.leg.br/media/sapl/public/materialegislativa/2025/10092/indicacao_298-2025.pdf","data_ultima_atualizacao":"2025-09-15T14:28:26.513436-03:00","ip":"177.220.132.122","ultima_edicao":"2025-09-15T14:28:26.272373-03:00","tipo":14,"regime_tramitacao":1,"tipo_origem_externa":null,"local_origem_externa":null,"user":35,"anexadas":[],"autores":[105]}