{"id":10142,"__str__":"Mo\u00e7\u00e3o n\u00ba 6 de 2025","link_detail_backend":"/materia/10142","metadata":{},"numero":6,"ano":2025,"numero_protocolo":918,"data_apresentacao":"2025-09-25","tipo_apresentacao":"E","data_publicacao":null,"numero_origem_externa":"","ano_origem_externa":null,"data_origem_externa":null,"apelido":"","dias_prazo":null,"data_fim_prazo":null,"em_tramitacao":false,"polemica":false,"objeto":"","complementar":false,"ementa":"Requer que seja consignada mo\u00e7\u00e3o com votos de congratula\u00e7\u00e3o e louvor o senhor Jo\u00e3o Vagner Geraldo, o Jo\u00e3o Cidad\u00e3o \u2013 como \u00e9 popularmente conhecido \u2013 nasceu em 5 de outubro de 1984, na cidade de Maring\u00e1 (PR), mas desde o nascimento reside em Sarandi, Munic\u00edpio ao qual dedicou sua vida e atua\u00e7\u00e3o comunit\u00e1ria. Filho de Maria Aparecida Sim\u00f5es Geraldo e Jo\u00e3o Geraldo, cresceu em uma fam\u00edlia que sempre prezou pela honestidade, pelo trabalho e pelo compromisso com o bem comum. Desde jovem, Jo\u00e3o demonstrou lideran\u00e7a e interesse pela vida p\u00fablica. Em 2004, foi eleito presidente do Gr\u00eamio Estudantil do Col\u00e9gio Lisboa, onde se destacou na luta por melhorias e pelos direitos dos estudantes. Em 2010, fez hist\u00f3ria ao tornar-se o primeiro presidente do Gr\u00eamio Estudantil do Centro Estadual de Educa\u00e7\u00e3o B\u00e1sica para Jovens e Adultos (CEEBJA), refor\u00e7ando sua voca\u00e7\u00e3o para a representa\u00e7\u00e3o estudantil e a defesa de um ambiente escolar mais justo e participativo. Movido pelo desejo de democratizar o acesso \u00e0 informa\u00e7\u00e3o, fundou, em 22 de agosto de 2007, o Blog Sede de Justi\u00e7a, com o objetivo de oferecer not\u00edcias de forma clara, acess\u00edvel e transparente. O projeto se consolidou como um canal de comunica\u00e7\u00e3o independente, comprometido em traduzir os acontecimentos de maneira compreens\u00edvel para toda a popula\u00e7\u00e3o. Sua trajet\u00f3ria no jornalismo comunit\u00e1rio o levou, em 2016, \u00e0 presid\u00eancia da Associa\u00e7\u00e3o dos Profissionais de Imprensa de Sarandi (APIS), onde atuou firmemente em defesa da categoria e na valoriza\u00e7\u00e3o da comunica\u00e7\u00e3o como instrumento de cidadania. Com mais de 18 anos de atua\u00e7\u00e3o em Sarandi, Jo\u00e3o Cidad\u00e3o \u00e9 amplamente reconhecido por seu compromisso com a informa\u00e7\u00e3o, a justi\u00e7a social e a transpar\u00eancia. Ao longo de sua trajet\u00f3ria, consolidou-se como uma das principais vozes na defesa da imprensa local e dos direitos da comunidade. Atualmente, atua como blogueiro por meio da fanpage Blog Sede de Justi\u00e7a e tamb\u00e9m como narrador esportivo, mantendo viva sua miss\u00e3o de informar e engajar a popula\u00e7\u00e3o.","indexacao":"","observacao":"","resultado":"","texto_original":null,"data_ultima_atualizacao":"2025-09-29T13:03:21.611522-03:00","ip":"177.220.132.122","ultima_edicao":"2025-09-29T13:03:21.504145-03:00","tipo":7,"regime_tramitacao":1,"tipo_origem_externa":null,"local_origem_externa":null,"user":35,"anexadas":[],"autores":[21,29]}