{"id":10500,"__str__":"Indica\u00e7\u00e3o n\u00ba 182 de 1993","link_detail_backend":"/materia/10500","metadata":{},"numero":182,"ano":1993,"numero_protocolo":null,"data_apresentacao":"1993-11-08","tipo_apresentacao":"E","data_publicacao":null,"numero_origem_externa":"","ano_origem_externa":null,"data_origem_externa":null,"apelido":"","dias_prazo":null,"data_fim_prazo":null,"em_tramitacao":false,"polemica":false,"objeto":"","complementar":false,"ementa":"Indica ao senhor Prefeito que determine como dia de descanso \u00e0 todos os funcion\u00e1rios na data de seu natal\u00edcio.","indexacao":"Indica\u00e7\u00e3o n\u00ba 182/93\r\nOsvaldo Luis Alves (vereador autor)\r\nDepartamento Pessoal\r\nServidor p\u00fablico\r\nDia de descanso\r\nNatal\u00edcio\r\nDescanso remunerado\r\nSess\u00e3o 16/11/1993","observacao":"","resultado":"","texto_original":"http://sapl.sarandi.pr.leg.br/media/sapl/public/materialegislativa/1993/10500/indicacao_no_182_1993.pdf","data_ultima_atualizacao":"2026-02-24T17:06:26.355766-03:00","ip":"177.220.132.122","ultima_edicao":"2026-02-24T17:00:09.839968-03:00","tipo":14,"regime_tramitacao":1,"tipo_origem_externa":null,"local_origem_externa":null,"user":44,"anexadas":[],"autores":[80]}