{"id":10517,"__str__":"Requerimento n\u00ba 11 de 1993","link_detail_backend":"/materia/10517","metadata":{},"numero":11,"ano":1993,"numero_protocolo":null,"data_apresentacao":"1993-02-24","tipo_apresentacao":"E","data_publicacao":null,"numero_origem_externa":"","ano_origem_externa":null,"data_origem_externa":null,"apelido":"","dias_prazo":null,"data_fim_prazo":null,"em_tramitacao":false,"polemica":false,"objeto":"","complementar":false,"ementa":"Of\u00edcio ao senhor Prefeito solicitando que proceda a nomea\u00e7\u00e3o do Conselho de Administra\u00e7\u00e3o e a Regulamenta\u00e7\u00e3o de que tratam os Artigos 32 e 122 respectivamente, da Lei Complementar n\u00ba 009/92, de 26/06/1992, a qual criou o Fundo de Previd\u00eancia dos Servidores Municipais de Sarandi-PRESERV e d\u00e1 outras provid\u00eancias, o mais urgente poss\u00edvel.","indexacao":"Requerimento n\u00ba 011/93\r\nJos\u00e9 Zeno Fachin\r\nLuis Carlos Baradel\r\nConselho de Administra\u00e7\u00e3o\r\nRegulamenta\u00e7\u00e3o\r\nLei Complementar n\u00ba 009/92\r\nFundo de Previd\u00eancia dos Servidores Municipais (PRESERV)\r\nSess\u00e3o 01/03/1993\r\nAprovado por unanimidade","observacao":"","resultado":"","texto_original":"http://sapl.sarandi.pr.leg.br/media/sapl/public/materialegislativa/1993/10517/requerimento_no_11_1993.pdf","data_ultima_atualizacao":"2026-02-27T15:12:50.158360-03:00","ip":"177.220.132.122","ultima_edicao":"2026-02-27T15:07:25.004648-03:00","tipo":3,"regime_tramitacao":1,"tipo_origem_externa":null,"local_origem_externa":null,"user":44,"anexadas":[],"autores":[81]}