{"id":10564,"__str__":"Requerimento n\u00ba 40 de 1993","link_detail_backend":"/materia/10564","metadata":{},"numero":40,"ano":1993,"numero_protocolo":null,"data_apresentacao":"1993-03-29","tipo_apresentacao":"E","data_publicacao":null,"numero_origem_externa":"","ano_origem_externa":null,"data_origem_externa":null,"apelido":"","dias_prazo":null,"data_fim_prazo":null,"em_tramitacao":false,"polemica":false,"objeto":"","complementar":false,"ementa":"Of\u00edcio ao senhor Presidente solicitando que determine a  inclus\u00e3o da aludida proposi\u00e7\u00e3o na pauta dos trabalhos desta Sess\u00e3o, por se tratar de uma mat\u00e9ria de extrema urg\u00eancia.","indexacao":"Requerimento n\u00ba 40/1993\r\nVereador Jos\u00e9 Amaral de Souza (1\u00ba Secret\u00e1rio)\r\nProjeto de Lei n\u00ba 562/93\r\nAprovado em 29/03/1993\r\nUrg\u00eancia\r\nInclus\u00e3o em pauta\r\nPrazo de vig\u00eancia (1\u00ba a 10 de abril)\r\nSoberano Plen\u00e1rio","observacao":"","resultado":"","texto_original":"http://sapl.sarandi.pr.leg.br/media/sapl/public/materialegislativa/1993/10564/requerimento_no_40_1993.pdf","data_ultima_atualizacao":"2026-03-02T12:52:40.289168-03:00","ip":"177.220.132.122","ultima_edicao":"2026-03-02T12:45:47.914549-03:00","tipo":3,"regime_tramitacao":2,"tipo_origem_externa":null,"local_origem_externa":null,"user":44,"anexadas":[],"autores":[84]}