{"id":10580,"__str__":"Requerimento n\u00ba 56 de 1993","link_detail_backend":"/materia/10580","metadata":{},"numero":56,"ano":1993,"numero_protocolo":null,"data_apresentacao":"1993-04-14","tipo_apresentacao":"E","data_publicacao":null,"numero_origem_externa":"","ano_origem_externa":null,"data_origem_externa":null,"apelido":"","dias_prazo":null,"data_fim_prazo":null,"em_tramitacao":false,"polemica":false,"objeto":"","complementar":false,"ementa":"Of\u00edcio ao senhor Prefeito solicitando que proceda a execu\u00e7\u00e3o de servi\u00e7os de Poda das \u00c1rvores, em todas as Vias P\u00fablicas desta cidade, o mais rapidamente poss\u00edvel.","indexacao":"Indica\u00e7\u00e3o n\u00ba 056/93\r\n22/04/1993 (data de apresenta\u00e7\u00e3o)\r\n26/04/1993 (data de aprova\u00e7\u00e3o em sess\u00e3o)\r\n27/04/1993 (data de encaminhamento)\r\nOf\u00edcio n\u00ba 318/93/DAB\r\nOsvaldo Luis Alves (vereador autor)\r\nACIS \u2013 Associa\u00e7\u00e3o Comercial e Industrial de Sarandi\r\nCampanha anual \u2013 Funcion\u00e1rio Padr\u00e3o\r\nPremia\u00e7\u00e3o\r\nComemora\u00e7\u00f5es do anivers\u00e1rio do munic\u00edpio\r\nReconhecimento ao trabalhador","observacao":"","resultado":"","texto_original":"http://sapl.sarandi.pr.leg.br/media/sapl/public/materialegislativa/1993/10580/requerimento_no_56_1993.pdf","data_ultima_atualizacao":"2026-03-02T15:41:31.022581-03:00","ip":"177.220.132.122","ultima_edicao":"2026-03-02T15:38:12.524081-03:00","tipo":3,"regime_tramitacao":1,"tipo_origem_externa":null,"local_origem_externa":null,"user":44,"anexadas":[],"autores":[86]}