{"id":10650,"__str__":"Requerimento n\u00ba 126 de 1993","link_detail_backend":"/materia/10650","metadata":{},"numero":126,"ano":1993,"numero_protocolo":null,"data_apresentacao":"1993-11-18","tipo_apresentacao":"E","data_publicacao":null,"numero_origem_externa":"","ano_origem_externa":null,"data_origem_externa":null,"apelido":"","dias_prazo":null,"data_fim_prazo":null,"em_tramitacao":false,"polemica":false,"objeto":"","complementar":false,"ementa":"Of\u00edcio ao senhor Prefeito solicitando que determine ao Departamento de Via\u00e7\u00e3o e Obras P\u00fablicas deste Munic\u00edpio, no sentido de executar o recapeamento asf\u00e1ltico no Jardim Europa, neste Munic\u00edpio, o qual se encontra em estado prec\u00e1rio de conserva\u00e7\u00e3o.","indexacao":"Requerimento n\u00ba 126/93\r\nJos\u00e9 Amaral de Souza (autor)\r\nDepartamento de Via\u00e7\u00e3o e Obras P\u00fablicas\r\nrecapeamento asf\u00e1ltico\r\nJardim Europa\r\nestado prec\u00e1rio de conserva\u00e7\u00e3o\r\nOf\u00edcio n\u00ba 927/93/DAB\r\naprova\u00e7\u00e3o un\u00e2nime","observacao":"","resultado":"","texto_original":"http://sapl.sarandi.pr.leg.br/media/sapl/public/materialegislativa/1993/10650/requerimento_no_126_1993.pdf","data_ultima_atualizacao":"2026-03-05T12:44:21.630610-03:00","ip":"177.220.132.122","ultima_edicao":"2026-03-05T12:40:08.185284-03:00","tipo":3,"regime_tramitacao":1,"tipo_origem_externa":null,"local_origem_externa":null,"user":44,"anexadas":[],"autores":[84]}