{"id":1394,"__str__":"Indica\u00e7\u00e3o n\u00ba 81 de 2019","link_detail_backend":"/materia/1394","metadata":{},"numero":81,"ano":2019,"numero_protocolo":2570,"data_apresentacao":"2019-05-03","tipo_apresentacao":"E","data_publicacao":null,"numero_origem_externa":"","ano_origem_externa":null,"data_origem_externa":null,"apelido":"","dias_prazo":null,"data_fim_prazo":null,"em_tramitacao":true,"polemica":null,"objeto":"","complementar":null,"ementa":"Indica ao senhor Prefeito que realize implanta\u00e7\u00e3o de a\u00e7\u00f5es preventivas \u00e0 depress\u00e3o em adolescentes nas escolas.\r\nSegundo a Organiza\u00e7\u00e3o Mundial de Sa\u00fade \u2013 OMS, 90% dos casos de suic\u00eddio podem ser evitados atrav\u00e9s de a\u00e7\u00f5es de preven\u00e7\u00e3o. A escola \u00e9 o espa\u00e7o no qual crian\u00e7as e adolescentes vivem grande parte das suas vidas, por isso a import\u00e2ncia de se falar sobre suic\u00eddio e outros potenciais desencadeadores, como bullying, depress\u00e3o, abuso de drogas e viol\u00eancia dom\u00e9stica","indexacao":"","observacao":"","resultado":"","texto_original":"http://sapl.sarandi.pr.leg.br/media/sapl/public/materialegislativa/2019/1394/ind._no_081-2019.pdf","data_ultima_atualizacao":"2019-05-13T15:30:43.308040-03:00","ip":"","ultima_edicao":null,"tipo":14,"regime_tramitacao":1,"tipo_origem_externa":null,"local_origem_externa":null,"user":null,"anexadas":[],"autores":[19]}