{"id":1512,"__str__":"Projeto de Lei Complementar n\u00ba 490 de 2019","link_detail_backend":"/materia/1512","metadata":{},"numero":490,"ano":2019,"numero_protocolo":2688,"data_apresentacao":"2019-06-14","tipo_apresentacao":"E","data_publicacao":"2019-06-10","numero_origem_externa":"","ano_origem_externa":null,"data_origem_externa":null,"apelido":"","dias_prazo":null,"data_fim_prazo":null,"em_tramitacao":false,"polemica":null,"objeto":"","complementar":true,"ementa":"ELEVA O N\u00daMERO DE VAGAS DE CARGOS EFETIVOS DA LEI COMPLEMENTAR N\u00ba 174, DE 02 DE ABRIL DE 2008, QUE INSTITUI O PLANO DE CARGOS, CARREIRAS E VENCIMENTOS DOS SERVIDORES DA \u00c1GUAS  DE SARANDI - SERVI\u00c7O MUNICIPAL DE SANEAMENTO AMBIENTAL E D\u00c1 OUTRAS PROVID\u00caNCIAS.","indexacao":"","observacao":"RELATOR CLJRF \u2013 JOSE APARECIDO DA SILVA - PARECER CONJUNTO\r\nRELATOR COSP \u2013 JOSE APARECIDO DA SILVA - PARECER CONJUNTO\r\nRELATOR COF \u2013 JOSE APARECIDO DA SILVA - PARECER CONJUNTO","resultado":"","texto_original":"http://sapl.sarandi.pr.leg.br/media/sapl/public/materialegislativa/2019/1512/projeto_de_lei_complementar_no_490-2019.pdf","data_ultima_atualizacao":"2023-06-06T12:20:50.884237-03:00","ip":"187.32.212.201","ultima_edicao":"2023-06-06T12:20:50.721529-03:00","tipo":5,"regime_tramitacao":1,"tipo_origem_externa":null,"local_origem_externa":null,"user":40,"anexadas":[],"autores":[23]}