{"id":1759,"__str__":"Projeto de Lei Ordin\u00e1ria n\u00ba 2871 de 2019","link_detail_backend":"/materia/1759","metadata":{},"numero":2871,"ano":2019,"numero_protocolo":2924,"data_apresentacao":"2019-11-13","tipo_apresentacao":"E","data_publicacao":null,"numero_origem_externa":"","ano_origem_externa":null,"data_origem_externa":null,"apelido":"","dias_prazo":null,"data_fim_prazo":null,"em_tramitacao":false,"polemica":false,"objeto":"","complementar":false,"ementa":"D\u00c1 DENOMINA\u00c7\u00c3O A RUA PROJETADA N, SITUADA NO JARDIM OURO VERDE III, NA FORMA QUE ESPECIFICA. \"RUA HELIO PRATES DA CRUZ\".","indexacao":"","observacao":"RELATOR CLJRF \u2013 JOSE APARECIDO DA SILVA\r\nRELATOR COF \u2013 GILBERTO MESSIAS DE PINAS\r\nRELATOR COSP \u2013 CILAS DE SOUZA MORAES","resultado":"","texto_original":"http://sapl.sarandi.pr.leg.br/media/sapl/public/materialegislativa/2019/1759/projeto_de_lei_2871-2019.pdf","data_ultima_atualizacao":"2023-06-06T12:38:49.593175-03:00","ip":"187.32.212.201","ultima_edicao":"2023-06-06T12:38:49.440337-03:00","tipo":1,"regime_tramitacao":1,"tipo_origem_externa":null,"local_origem_externa":null,"user":40,"anexadas":[],"autores":[21]}