{"id":183,"__str__":"Requerimento n\u00ba 141 de 2017","link_detail_backend":"/materia/183","metadata":{},"numero":141,"ano":2017,"numero_protocolo":1232,"data_apresentacao":"2017-04-26","tipo_apresentacao":"E","data_publicacao":null,"numero_origem_externa":"","ano_origem_externa":null,"data_origem_externa":null,"apelido":"REQUERIMENTO.","dias_prazo":null,"data_fim_prazo":null,"em_tramitacao":true,"polemica":false,"objeto":"ATI &#8211; ACADEMIA DA TERCEIRA IDADE.","complementar":false,"ementa":"OF\u00cdCIO AO SENHOR PREFEITO, SOLICITANDO QUE PROVIDENCIE A INSTALA\u00c7\u00c3O DE 01 (UMA) ATI \r\n - ACADEMIA DA TERCEIRA IDADE, NO JARDIM AURORA, PR\u00d3XIMO AO POSTO DE SA\u00daDE. ","indexacao":"ACADEMIA TERCEIRA IDADE JARDIM AURORA POSTO SA\u00daDE","observacao":"","resultado":"","texto_original":"http://sapl.sarandi.pr.leg.br/media/sapl/public/materialegislativa/2017/183/183_texto_integral.pdf","data_ultima_atualizacao":"2018-06-20T16:12:37.079481-03:00","ip":"","ultima_edicao":null,"tipo":3,"regime_tramitacao":1,"tipo_origem_externa":null,"local_origem_externa":null,"user":null,"anexadas":[],"autores":[21]}