{"id":236,"__str__":"Mo\u00e7\u00e3o n\u00ba 3 de 2017","link_detail_backend":"/materia/236","metadata":{},"numero":3,"ano":2017,"numero_protocolo":1287,"data_apresentacao":"2017-05-24","tipo_apresentacao":"E","data_publicacao":null,"numero_origem_externa":"","ano_origem_externa":null,"data_origem_externa":null,"apelido":"MO\u00c7\u00c3O.","dias_prazo":null,"data_fim_prazo":null,"em_tramitacao":true,"polemica":false,"objeto":"ELEI\u00c7\u00d5ES DIRETAS J\u00c1.","complementar":false,"ementa":"Of\u00edcio aos presidentes do Senado Federal e da C\u00e2mara dos Deputados, externando votos de apoio desta Casa de Leis, ao Movimento Popular em prol da realiza\u00e7\u00e3o de Elei\u00e7\u00f5es Diretas J\u00e1, e solicitando a delibera\u00e7\u00e3o do Congresso Nacional de PEC - Proposta de Emenda Constitucional, neste sentido.","indexacao":"","observacao":"","resultado":"","texto_original":"http://sapl.sarandi.pr.leg.br/media/sapl/public/materialegislativa/2017/236/236_texto_integral.pdf","data_ultima_atualizacao":"2025-02-18T17:53:18.218519-03:00","ip":"187.32.212.201","ultima_edicao":"2025-02-18T17:53:18.007103-03:00","tipo":7,"regime_tramitacao":1,"tipo_origem_externa":null,"local_origem_externa":null,"user":41,"anexadas":[],"autores":[19]}