{"id":2387,"__str__":"Indica\u00e7\u00e3o n\u00ba 206 de 2020","link_detail_backend":"/materia/2387","metadata":{},"numero":206,"ano":2020,"numero_protocolo":3553,"data_apresentacao":"2020-11-18","tipo_apresentacao":"E","data_publicacao":null,"numero_origem_externa":"","ano_origem_externa":null,"data_origem_externa":null,"apelido":"","dias_prazo":null,"data_fim_prazo":null,"em_tramitacao":true,"polemica":false,"objeto":"","complementar":false,"ementa":"Indica ao senhor Prefeito que se fa\u00e7a uma reforma na ATI \u2013 Academia da Terceira Idade do Jardim Ver\u00e3o pr\u00f3ximo ao Centro de Educa\u00e7\u00e3o Infantil Livania Marcia Lerin Kiste, bem como a instala\u00e7\u00e3o de um bebedouro no local. \r\nTendo em vista que a melhoria no local faz-se necess\u00e1ria para que a popula\u00e7\u00e3o possa utilizar para realizar seus exerc\u00edcios.","indexacao":"","observacao":"","resultado":"","texto_original":"http://sapl.sarandi.pr.leg.br/media/sapl/public/materialegislativa/2020/2387/ind._no_206-2020.pdf","data_ultima_atualizacao":"2021-01-14T15:48:14.011131-03:00","ip":"187.62.18.58","ultima_edicao":"2021-01-14T15:48:13.986441-03:00","tipo":14,"regime_tramitacao":1,"tipo_origem_externa":null,"local_origem_externa":null,"user":19,"anexadas":[],"autores":[20]}