{"id":2442,"__str__":"Projeto de Lei Complementar n\u00ba 506 de 2021","link_detail_backend":"/materia/2442","metadata":{},"numero":506,"ano":2021,"numero_protocolo":3608,"data_apresentacao":"2021-01-20","tipo_apresentacao":"E","data_publicacao":null,"numero_origem_externa":"","ano_origem_externa":null,"data_origem_externa":null,"apelido":"","dias_prazo":null,"data_fim_prazo":null,"em_tramitacao":false,"polemica":false,"objeto":"","complementar":true,"ementa":"DISP\u00d5E SOBRE O VENCIMENTO DO CARGO EFETIVO DE AGENTE DE COMBATE \u00c1 ENDEMIAS.","indexacao":"","observacao":"N\u00c3O HOUVE PARECER DAS COMISS\u00d5ES E O PROJETO DE LEI FOI ARQUIVADO, POIS O MESMO FOI ENGLOBADO NO PROJETO SUBSTITUTIVO N\u00ba 002/2021, O QUAL ALTEROU O PROJETO DE LEI COMPLEMENTAR N\u00ba 505/2021.","resultado":"","texto_original":"http://sapl.sarandi.pr.leg.br/media/sapl/public/materialegislativa/2021/2442/proj._de_lei_compl._no_506-2019_completo_atualizado.pdf","data_ultima_atualizacao":"2023-06-15T16:34:44.359131-03:00","ip":"187.32.212.201","ultima_edicao":"2023-06-15T16:34:44.104045-03:00","tipo":5,"regime_tramitacao":1,"tipo_origem_externa":null,"local_origem_externa":null,"user":41,"anexadas":[],"autores":[23]}