{"id":3286,"__str__":"Projeto de Lei Ordin\u00e1ria n\u00ba 3227 de 2022","link_detail_backend":"/materia/3286","metadata":{},"numero":3227,"ano":2022,"numero_protocolo":4451,"data_apresentacao":"2022-03-17","tipo_apresentacao":"E","data_publicacao":null,"numero_origem_externa":"","ano_origem_externa":null,"data_origem_externa":null,"apelido":"","dias_prazo":null,"data_fim_prazo":null,"em_tramitacao":false,"polemica":false,"objeto":"","complementar":false,"ementa":"Disp\u00f5e sobre a obrigatoriedade de estabelecimentos privados a inserir placas de atendimento priorit\u00e1rio o s\u00edmbolo mundial da fibromialgia, e d\u00e1 outras provid\u00eancias.","indexacao":"Projeto de Lei n\u00ba 3227/2022\r\natendimento priorit\u00e1rio\r\ns\u00edmbolo mundial da fibromialgia\r\nestabelecimentos privados\r\nbancos\r\nsupermercados\r\nfarm\u00e1cias\r\nlojas\r\nsimilares\r\ncart\u00e3o e adesivo expedido pelo Executivo Municipal\r\ncomprova\u00e7\u00e3o m\u00e9dica","observacao":"lator no presente Projeto de Lei, tendo em vista que o autor da mat\u00e9ria solicitou o seu arquivamento.","resultado":"","texto_original":"http://sapl.sarandi.pr.leg.br/media/sapl/public/materialegislativa/2022/3286/proj._lei_no_3227-2022.pdf","data_ultima_atualizacao":"2025-12-11T13:27:41.074068-03:00","ip":"177.220.132.122","ultima_edicao":"2025-12-11T13:27:40.973800-03:00","tipo":1,"regime_tramitacao":1,"tipo_origem_externa":null,"local_origem_externa":null,"user":44,"anexadas":[],"autores":[14]}