{"id":3377,"__str__":"Requerimento n\u00ba 55 de 2022","link_detail_backend":"/materia/3377","metadata":{},"numero":55,"ano":2022,"numero_protocolo":4541,"data_apresentacao":"2022-04-14","tipo_apresentacao":"E","data_publicacao":null,"numero_origem_externa":"","ano_origem_externa":null,"data_origem_externa":null,"apelido":"","dias_prazo":null,"data_fim_prazo":null,"em_tramitacao":false,"polemica":false,"objeto":"","complementar":false,"ementa":"OF\u00cdCIO AO SENHOR PREFEITO, SOLICITANDO QUE INFORME ESSA CASA DE LEIS, PARA FINS DE ESCLARECIMENTO P\u00daBLICO, SE EXISTEM PROFISSIONAIS, NA \u00c1REA DA EDUCA\u00c7\u00c3O MUNICIPAL, CAPACITADOS ESPECIFICAMENTE PARA OS CUIDADOS DE CRIAN\u00c7AS COM TRANSTORNO DO ESPECTRO AUTISTA \u2013 TEA.","indexacao":"","observacao":"","resultado":"","texto_original":"http://sapl.sarandi.pr.leg.br/media/sapl/public/materialegislativa/2022/3377/requerimento_no_055-2022.pdf","data_ultima_atualizacao":"2024-02-02T12:34:29.402579-03:00","ip":"187.32.212.201","ultima_edicao":"2022-04-19T14:39:43.257437-03:00","tipo":3,"regime_tramitacao":1,"tipo_origem_externa":null,"local_origem_externa":null,"user":36,"anexadas":[],"autores":[14]}