{"id":3392,"__str__":"Projeto de Lei Ordin\u00e1ria n\u00ba 3239 de 2022","link_detail_backend":"/materia/3392","metadata":{},"numero":3239,"ano":2022,"numero_protocolo":4556,"data_apresentacao":"2022-04-14","tipo_apresentacao":"E","data_publicacao":null,"numero_origem_externa":"","ano_origem_externa":null,"data_origem_externa":null,"apelido":"","dias_prazo":null,"data_fim_prazo":null,"em_tramitacao":false,"polemica":false,"objeto":"","complementar":false,"ementa":"Disp\u00f5e sobre a altera\u00e7\u00e3o dos Anexos do PPA - Plano Plurianual do Munic\u00edpio de Sarandi do quadri\u00eanio 2022 a 2025, na forma que especifica.","indexacao":"Projeto de Lei n\u00ba 3239/22\r\nAltera\u00e7\u00e3o dos Anexos do Plano Plurianual (PPA)\r\nQuadri\u00eanio 2022\u20132025\r\nLei Municipal n\u00ba 2703/2021\r\nLei Municipal n\u00ba 2782/2021\r\nAdministra\u00e7\u00e3o Direta e Indireta\r\nCaixa de Aposentadoria e Pens\u00e3o dos Servidores Municipais de Sarandi (PRESERV)\r\nAutarquia \u00c1guas de Sarandi \u2013 Servi\u00e7o Municipal de Saneamento Ambiental\r\nPoder Legislativo Municipal\r\nAnexo I \u2013 Estimativa da Receita\r\nAnexo II \u2013 Programas Final\u00edsticos e de Apoio Administrativo\r\nAnexo III \u2013 A\u00e7\u00f5es por Fun\u00e7\u00e3o/Subfun\u00e7\u00e3o\r\nAnexo IV \u2013 Classifica\u00e7\u00e3o por Fun\u00e7\u00e3o/Subfun\u00e7\u00e3o\r\nAnexo V \u2013 Programas por Macroobjetivos\r\nAnexo VI \u2013 Resumo por Macroobjetivos\r\nAnexo VII \u2013 Despesa por Programa de Governo\r\nAnexo VIII \u2013 Despesa por \u00d3rg\u00e3o de Governo\r\nAnexo IX \u2013 Receita e Despesa por Fonte Financiadora\r\nLei de Diretrizes Or\u00e7ament\u00e1rias (LDO) \u2013 exerc\u00edcio 2023\r\nConstitui\u00e7\u00e3o Federal\r\nLei Complementar n\u00ba 101/2000 \u2013 Lei de Responsabilidade Fiscal\r\nLei Federal n\u00ba 10.257/2001 \u2013 Estatuto da Cidade\r\nLei n\u00ba 4.320/1964 \u2013 Normas Gerais de Direito Financeiro\r\nPlano Diretor Municipal\r\nLei Org\u00e2nica Municipal\r\nInstru\u00e7\u00f5es normativas do Tribunal de Contas do Estado do Paran\u00e1\r\nAudi\u00eancia P\u00fablica\r\nConselho Municipal de Sa\u00fade (CMS)\r\nConselho Municipal dos Direitos da Crian\u00e7a e do Adolescente (CMDCA)\r\nPlanos Municipais de Sa\u00fade e dos Direitos da Crian\u00e7a e do Adolescente","observacao":"Relator COF - Fabio de Souza Silveira \"Balako\"","resultado":"","texto_original":"http://sapl.sarandi.pr.leg.br/media/sapl/public/materialegislativa/2022/3392/proj._de_lei_no_3239-2022_completo_atualizado.pdf","data_ultima_atualizacao":"2025-12-09T16:57:04.704673-03:00","ip":"177.220.132.122","ultima_edicao":"2025-12-09T16:57:04.567117-03:00","tipo":1,"regime_tramitacao":5,"tipo_origem_externa":null,"local_origem_externa":null,"user":44,"anexadas":[],"autores":[23]}