{"id":3678,"__str__":"Projeto de Lei Ordin\u00e1ria n\u00ba 3278 de 2022","link_detail_backend":"/materia/3678","metadata":{},"numero":3278,"ano":2022,"numero_protocolo":4842,"data_apresentacao":"2022-08-31","tipo_apresentacao":"E","data_publicacao":null,"numero_origem_externa":"","ano_origem_externa":null,"data_origem_externa":null,"apelido":"","dias_prazo":null,"data_fim_prazo":null,"em_tramitacao":false,"polemica":false,"objeto":"","complementar":false,"ementa":"Disp\u00f5e sobre a altera\u00e7\u00e3o dos Anexos do PPA - Plano Plurianual do Munic\u00edpio de Sarandi do Quadri\u00eanio 2022 a 2025, na forma que especifica.","indexacao":"Projeto de Lei n\u00ba 3.278/2022\r\nPlano Plurianual \u2013 PPA 2022-2025\r\nLei Municipal n\u00ba 2703/2021\r\nLei Municipal n\u00ba 2837/2022\r\nAltera\u00e7\u00e3o de Anexos do PPA\r\nEstimativa da Receita\r\nDemonstrativo dos Programas Final\u00edsticos e de Apoio Administrativo\r\nResumo das A\u00e7\u00f5es por Fun\u00e7\u00e3o/Subfun\u00e7\u00e3o\r\nClassifica\u00e7\u00e3o dos Programas e A\u00e7\u00f5es por Fun\u00e7\u00e3o e Subfun\u00e7\u00e3o\r\nMacroobjetivos\r\nDemonstrativo da Despesa por Programa de Governo\r\nDemonstrativo da Despesa por \u00d3rg\u00e3o de Governo\r\nDemonstrativo da Receita e Despesa por Fonte Financiadora\r\nProjeto de Lei Or\u00e7ament\u00e1ria Anual \u2013 PLOA 2023\r\nLei Complementar n\u00ba 101/2000 \u2013 Lei de Responsabilidade Fiscal\r\nLei n\u00ba 10.257/2001 \u2013 Estatuto da Cidade\r\nLei Complementar n\u00ba 408/2022 \u2013 Plano Diretor Municipal\r\nAudi\u00eancia P\u00fablica\r\nConselho Municipal de Sa\u00fade \u2013 CMS\r\nConselho Municipal dos Direitos da Crian\u00e7a e do Adolescente \u2013 CMDCA","observacao":"Relator COF - Gilberto Messias de Pinas","resultado":"","texto_original":"http://sapl.sarandi.pr.leg.br/media/sapl/public/materialegislativa/2022/3678/proj._lei_no_3278-2022.pdf","data_ultima_atualizacao":"2025-12-08T16:50:51.764517-03:00","ip":"177.220.132.122","ultima_edicao":"2025-12-08T16:50:51.638288-03:00","tipo":1,"regime_tramitacao":5,"tipo_origem_externa":null,"local_origem_externa":null,"user":44,"anexadas":[],"autores":[23]}