{"id":4188,"__str__":"Projeto de Lei Complementar n\u00ba 577 de 2023","link_detail_backend":"/materia/4188","metadata":{},"numero":577,"ano":2023,"numero_protocolo":5350,"data_apresentacao":"2023-04-06","tipo_apresentacao":"E","data_publicacao":null,"numero_origem_externa":"","ano_origem_externa":null,"data_origem_externa":null,"apelido":"","dias_prazo":null,"data_fim_prazo":null,"em_tramitacao":false,"polemica":false,"objeto":"","complementar":true,"ementa":"ALTERA A LEI COMPLEMENTAR N\u00b0 373, DE 11 DE DEZEMBRO DE 2019, QUE INSTITUI O TRATAMENTO DIFERENCIADO E FAVORECIDO A SER DISPENSADO \u00c0S MICROEMPRESAS E AS EMPRESAS DE PEQUENO PORTE NO \u00c2MBITO DO MUNIC\u00cdPIO, NA CONFORMIDADE DAS NORMAS GERAIS PREVISTAS NO ESTATUTO NACIONAL DA MICROEMPRESA E DA EMPRESA DE PEQUENO PORTE INSTITU\u00cdDO PELA LEI COMPLEMENTAR N\u00b0 123, DE 14 DE DEZEMBRO DE 2006 E SUAS ALTERA\u00c7\u00d5ES.","indexacao":"","observacao":"RELATOR DA CLJRF - BELMIRO DA SILVA FARIAS \u201cBELMIRO BARBEIRO\u201d - PARECER CONJUNTO\r\nRELATOR DA COF - BELMIRO DA SILVA FARIAS \u201cBELMIRO BARBEIRO\u201d - PARECER CONJUNTO\r\nRELATOR DA COSP - BELMIRO DA SILVA FARIAS \u201cBELMIRO BARBEIRO\u201d - PARECER CONJUNTO \r\nRELATOR DA CESA - BELMIRO DA SILVA FARIAS \u201cBELMIRO BARBEIRO\u201d - PARECER CONJUNTO","resultado":"","texto_original":"http://sapl.sarandi.pr.leg.br/media/sapl/public/materialegislativa/2023/4188/proj._lei_compl._no_577-2023.pdf","data_ultima_atualizacao":"2023-06-07T17:53:26.205475-03:00","ip":"187.32.212.201","ultima_edicao":"2023-06-07T17:53:26.029870-03:00","tipo":5,"regime_tramitacao":1,"tipo_origem_externa":null,"local_origem_externa":null,"user":41,"anexadas":[],"autores":[23]}