{"id":4526,"__str__":"Projeto de Decreto Legislativo n\u00ba 7 de 2023","link_detail_backend":"/materia/4526","metadata":{},"numero":7,"ano":2023,"numero_protocolo":5687,"data_apresentacao":"2023-08-30","tipo_apresentacao":"E","data_publicacao":null,"numero_origem_externa":"","ano_origem_externa":null,"data_origem_externa":null,"apelido":"","dias_prazo":null,"data_fim_prazo":null,"em_tramitacao":false,"polemica":false,"objeto":"","complementar":false,"ementa":"Disp\u00f5e sobre aceita\u00e7\u00e3o do \u201cVeto n\u00ba 004/2023\u201d, parcial ao Projeto de Lei n\u00ba 3.122/2021, de autoria da edil Ireni Moura Farias \u201cIrene Moura\u201d, o qual institui o dia do desapego liter\u00e1rio no munic\u00edpio de Sarandi.","indexacao":"veto parcial irene moura desapego liter\u00e1rio","observacao":"Relator da CLJRF - Belmiro da Silva Farias \"Belmiro Barbeiro\" - Parecer conjunto","resultado":"","texto_original":"http://sapl.sarandi.pr.leg.br/media/sapl/public/materialegislativa/2023/4526/projeto_de_decreto_legislativo_no_007-2023.pdf","data_ultima_atualizacao":"2024-07-18T13:06:53.765883-03:00","ip":"187.32.212.201","ultima_edicao":"2024-07-18T13:06:53.504914-03:00","tipo":6,"regime_tramitacao":4,"tipo_origem_externa":null,"local_origem_externa":null,"user":41,"anexadas":[2937],"autores":[5]}