{"id":4581,"__str__":"Indica\u00e7\u00e3o n\u00ba 261 de 2023","link_detail_backend":"/materia/4581","metadata":{},"numero":261,"ano":2023,"numero_protocolo":5741,"data_apresentacao":"2023-09-15","tipo_apresentacao":"E","data_publicacao":null,"numero_origem_externa":"","ano_origem_externa":null,"data_origem_externa":null,"apelido":"","dias_prazo":null,"data_fim_prazo":null,"em_tramitacao":false,"polemica":false,"objeto":"","complementar":false,"ementa":"INDICA AO SENHOR PREFEITO, QUE SEJAM RETIRADOS OS VE\u00cdCULOS ESTACIONADOS PR\u00d3XIMO A DELEGACIA DE SARANDI. POIS, ESTES VE\u00cdCULOS EM SITUA\u00c7\u00c3O DE ABANDONO OCUPAM AS VAGAS DE ESTACIONAMENTO E TAMB\u00c9M, SERVEM DE FOCO PARA O MOSQUITO DA DENGUE, ENTRE OUTRAS DOEN\u00c7AS.","indexacao":"","observacao":"","resultado":"","texto_original":"http://sapl.sarandi.pr.leg.br/media/sapl/public/materialegislativa/2023/4581/indicacao_no_261-2023.pdf","data_ultima_atualizacao":"2024-02-02T14:29:42.328718-03:00","ip":"187.32.212.201","ultima_edicao":"2023-09-19T14:04:08.948769-03:00","tipo":14,"regime_tramitacao":1,"tipo_origem_externa":null,"local_origem_externa":null,"user":40,"anexadas":[],"autores":[21]}