{"id":4655,"__str__":"Projeto de Decreto Legislativo n\u00ba 13 de 2023","link_detail_backend":"/materia/4655","metadata":{},"numero":13,"ano":2023,"numero_protocolo":5815,"data_apresentacao":"2023-10-11","tipo_apresentacao":"E","data_publicacao":null,"numero_origem_externa":"","ano_origem_externa":null,"data_origem_externa":null,"apelido":"","dias_prazo":null,"data_fim_prazo":null,"em_tramitacao":false,"polemica":false,"objeto":"","complementar":false,"ementa":"Disp\u00f5e sobre aceita\u00e7\u00e3o do \"Veto n\u00b0 006/2023\", total ao Projeto de Lei n\u00b0 3.399/2023, de autoria dos edis Eunildo Zanchim \"Nild\u00e3o\" e Gilberto Messias de Pinas, o qual d\u00e1 denomina\u00e7\u00e3o ao Centro Municipal de Educa\u00e7\u00e3o Infantil \u2014 CMEI, situado na Rua Alcides Nunes Ita Jorente, s/n, Jardim Ouro Verde II, na forma que especifica. \"Professora Sandra Maria Vasconcelo\".","indexacao":"","observacao":"Relator da CLJRF - Dionizio Aparecido Viaro \"Diocar\" - Parecer conjunto","resultado":"","texto_original":"http://sapl.sarandi.pr.leg.br/media/sapl/public/materialegislativa/2023/4655/projeto_de_decreto_legislativo_no_013-2023.pdf","data_ultima_atualizacao":"2024-07-18T13:00:44.948504-03:00","ip":"187.32.212.201","ultima_edicao":"2024-07-18T13:00:44.657147-03:00","tipo":6,"regime_tramitacao":4,"tipo_origem_externa":null,"local_origem_externa":null,"user":41,"anexadas":[4503],"autores":[5]}