{"id":4657,"__str__":"Projeto de Lei Complementar n\u00ba 172 de 2006","link_detail_backend":"/materia/4657","metadata":{},"numero":172,"ano":2006,"numero_protocolo":null,"data_apresentacao":"2006-12-27","tipo_apresentacao":"E","data_publicacao":null,"numero_origem_externa":"115","ano_origem_externa":2006,"data_origem_externa":"2006-12-15","apelido":"","dias_prazo":null,"data_fim_prazo":null,"em_tramitacao":false,"polemica":false,"objeto":"","complementar":false,"ementa":"Cria o cargo efetivo de Auditor Fiscal Tribut\u00e1rio e d\u00e1 outras provid\u00eancias.","indexacao":"auditor fiscal tribut\u00e1rio profissional","observacao":"Relator da CLJRF - Jo\u00e3o de Lara Vieira - Parecer conjunto\r\nRelator da COF - Claudionei Aparecido Vitorino da Silva - Parecer conjunto","resultado":"","texto_original":"http://sapl.sarandi.pr.leg.br/media/sapl/public/materialegislativa/2006/4657/proj._lei_compl._no_172-2006.pdf","data_ultima_atualizacao":"2025-02-17T16:54:37.354628-03:00","ip":"187.32.212.201","ultima_edicao":"2025-02-17T16:54:19.105344-03:00","tipo":5,"regime_tramitacao":2,"tipo_origem_externa":4,"local_origem_externa":1,"user":41,"anexadas":[],"autores":[]}