{"id":4685,"__str__":"Projeto de Lei Complementar n\u00ba 592 de 2023","link_detail_backend":"/materia/4685","metadata":{},"numero":592,"ano":2023,"numero_protocolo":5842,"data_apresentacao":"2023-10-24","tipo_apresentacao":"E","data_publicacao":null,"numero_origem_externa":"","ano_origem_externa":null,"data_origem_externa":null,"apelido":"","dias_prazo":null,"data_fim_prazo":null,"em_tramitacao":false,"polemica":false,"objeto":"","complementar":true,"ementa":"DISP\u00d5E SOBRE A ALTERA\u00c7\u00c3O DA LEI COMPLEMENTAR N\u00ba 159, DE 24 DE NOVEMBRO DE 2007, QUE DISP\u00d5E SOBRE O PLANO DE CARGOS, CARREIRA E VENCIMENTO DOS SERVIDORES DO PODER EXECUTIVO MUNICIPAL E D\u00c1 OUTRAS PROVID\u00caNCIAS.","indexacao":"","observacao":"RELATOR DA CLJRF - BELMIRO DA SILVA FARIAS \u201cBELMIRO BARBEIRO\u201d - PARECER CONJUNTO\r\nRELATOR DA COF - BELMIRO DA SILVA FARIAS \u201cBELMIRO BARBEIRO\u201d - PARECER CONJUNTO\r\nRELATOR DA COSP - BELMIRO DA SILVA FARIAS \u201cBELMIRO BARBEIRO\u201d - PARECER CONJUNTO\r\nRELATOR DA CESA - BELMIRO DA SILVA FARIAS \u201cBELMIRO BARBEIRO\u201d - PARECER CONJUNTO","resultado":"","texto_original":"http://sapl.sarandi.pr.leg.br/media/sapl/public/materialegislativa/2023/4685/proj._lei_compl._no_592-2023.pdf","data_ultima_atualizacao":"2023-12-04T10:45:06.964622-03:00","ip":"187.32.212.201","ultima_edicao":"2023-11-24T10:57:54.568934-03:00","tipo":5,"regime_tramitacao":2,"tipo_origem_externa":null,"local_origem_externa":null,"user":36,"anexadas":[],"autores":[23]}