{"id":4700,"__str__":"Requerimento n\u00ba 241 de 2023","link_detail_backend":"/materia/4700","metadata":{},"numero":241,"ano":2023,"numero_protocolo":5857,"data_apresentacao":"2023-10-27","tipo_apresentacao":"E","data_publicacao":null,"numero_origem_externa":"","ano_origem_externa":null,"data_origem_externa":null,"apelido":"","dias_prazo":null,"data_fim_prazo":null,"em_tramitacao":false,"polemica":false,"objeto":"","complementar":false,"ementa":"OF\u00cdCIO AO SENHOR PREFEITO, SOLICITANDO QUE INFORME ESTA CASA DE LEIS, SOBRE A POSSIBILIDADE UMA POSS\u00cdVEL LIBERA\u00c7\u00c3O, EM COMODATO, DO ESPA\u00c7O INATIVO DA UBS DO PARQUE ALVAMAR, PARA QUE SEJA REALIZADO A FEIRA DE EMPREENDEDORAS DA AMES \u2013 ASSOCIA\u00c7\u00c3O DE MULHERES EMPREENDEDORAS DE SARANDI.","indexacao":"","observacao":"","resultado":"","texto_original":"http://sapl.sarandi.pr.leg.br/media/sapl/public/materialegislativa/2023/4700/requerimento_no_241-2023.pdf","data_ultima_atualizacao":"2024-02-01T14:28:02.865732-03:00","ip":"187.32.212.201","ultima_edicao":"2023-10-31T14:42:15.035656-03:00","tipo":3,"regime_tramitacao":1,"tipo_origem_externa":null,"local_origem_externa":null,"user":36,"anexadas":[],"autores":[32]}