{"id":4702,"__str__":"Projeto de Decreto Legislativo n\u00ba 16 de 2023","link_detail_backend":"/materia/4702","metadata":{},"numero":16,"ano":2023,"numero_protocolo":5859,"data_apresentacao":"2023-10-20","tipo_apresentacao":"E","data_publicacao":null,"numero_origem_externa":"","ano_origem_externa":null,"data_origem_externa":null,"apelido":"","dias_prazo":null,"data_fim_prazo":null,"em_tramitacao":false,"polemica":false,"objeto":"","complementar":false,"ementa":"Disp\u00f5e sobre aceita\u00e7\u00e3o do \u201cVeto n\u00ba 008/2023\u201d, total ao Projeto de Lei n\u00ba 3.404/2023, de autoria do edil Gilberto Messias de Pinas, o qual d\u00e1 denomina\u00e7\u00e3o \u00e0 Rua Jayme Armelin, situada no Residencial Parque Avenida, na forma que especifica. \u201cRua Alaor Orlando\u201d.","indexacao":"","observacao":"Relator da CLJRF - Belmiro da Silva Farias \"Belmiro Barbeiro\" - Parecer conjunto","resultado":"","texto_original":"http://sapl.sarandi.pr.leg.br/media/sapl/public/materialegislativa/2023/4702/projeto_de_decreto_legislativo_no_016-2023.pdf","data_ultima_atualizacao":"2024-07-18T12:57:24.069032-03:00","ip":"187.32.212.201","ultima_edicao":"2024-07-18T12:57:23.838914-03:00","tipo":6,"regime_tramitacao":4,"tipo_origem_externa":null,"local_origem_externa":null,"user":41,"anexadas":[4550],"autores":[5]}