{"id":4755,"__str__":"Mo\u00e7\u00e3o n\u00ba 12 de 2023","link_detail_backend":"/materia/4755","metadata":{},"numero":12,"ano":2023,"numero_protocolo":5912,"data_apresentacao":"2023-11-24","tipo_apresentacao":"E","data_publicacao":null,"numero_origem_externa":"","ano_origem_externa":null,"data_origem_externa":null,"apelido":"","dias_prazo":null,"data_fim_prazo":null,"em_tramitacao":false,"polemica":false,"objeto":"","complementar":false,"ementa":"Requer que seja consignada mo\u00e7\u00e3o com votos de louvor e congratula\u00e7\u00f5es a APMI de Sarandi (Associa\u00e7\u00e3o e Prote\u00e7\u00e3o \u00e0 Maternidade e \u00e0 Inf\u00e2ncia), em especial ao Presidente F\u00e1bio Bernardo e sua equipe pelo excelente servi\u00e7o prestado \u00e0s crian\u00e7as e jovens e \u00e0 popula\u00e7\u00e3o de Sarandi atrav\u00e9s de suas oficinas, contraturnos escolares e, em especial, aos trabalhos realizados com crian\u00e7as espectros autistas.","indexacao":"","observacao":"","resultado":"","texto_original":"http://sapl.sarandi.pr.leg.br/media/sapl/public/materialegislativa/2023/4755/mocao_no_012-2023.pdf","data_ultima_atualizacao":"2024-12-04T12:47:28.434092-03:00","ip":"187.32.212.201","ultima_edicao":"2024-12-04T12:47:28.291327-03:00","tipo":7,"regime_tramitacao":1,"tipo_origem_externa":null,"local_origem_externa":null,"user":41,"anexadas":[],"autores":[34]}