{"id":4758,"__str__":"Mo\u00e7\u00e3o n\u00ba 15 de 2023","link_detail_backend":"/materia/4758","metadata":{},"numero":15,"ano":2023,"numero_protocolo":5915,"data_apresentacao":"2023-11-24","tipo_apresentacao":"E","data_publicacao":null,"numero_origem_externa":"","ano_origem_externa":null,"data_origem_externa":null,"apelido":"","dias_prazo":null,"data_fim_prazo":null,"em_tramitacao":false,"polemica":false,"objeto":"","complementar":false,"ementa":"Requer que seja consignada mo\u00e7\u00e3o com votos de louvor e congratula\u00e7\u00f5es ao Pastor Ademilton Jorge do Carmo pelos excelentes servi\u00e7os prestados \u00e0 comunidade de Sarandi atrav\u00e9s de seu minist\u00e9rio de evangeliza\u00e7\u00e3o como Presidente da Ordem dos Pastores e no trabalho social desenvolvido atrav\u00e9s do esporte com crian\u00e7as, jovens e adolescentes e tamb\u00e9m como instrutor de cortes de cabelo, ensinando uma nova profiss\u00e3o a diversos mun\u00edcipes sarandienses.","indexacao":"","observacao":"","resultado":"","texto_original":"http://sapl.sarandi.pr.leg.br/media/sapl/public/materialegislativa/2023/4758/mocao_no_015-2023.pdf","data_ultima_atualizacao":"2024-12-04T12:29:18.949563-03:00","ip":"187.32.212.201","ultima_edicao":"2024-12-04T12:29:18.818576-03:00","tipo":7,"regime_tramitacao":1,"tipo_origem_externa":null,"local_origem_externa":null,"user":41,"anexadas":[],"autores":[29]}