{"id":5067,"__str__":"Indica\u00e7\u00e3o n\u00ba 89 de 2024","link_detail_backend":"/materia/5067","metadata":{},"numero":89,"ano":2024,"numero_protocolo":6166,"data_apresentacao":"2024-03-27","tipo_apresentacao":"E","data_publicacao":null,"numero_origem_externa":"","ano_origem_externa":null,"data_origem_externa":null,"apelido":"","dias_prazo":null,"data_fim_prazo":null,"em_tramitacao":true,"polemica":false,"objeto":"","complementar":false,"ementa":"Indica ao senhor prefeito, que seja instalado, com urg\u00eancia, aparelho de ar condicionado nas salas dos conselheiros tutelares de Sarandi. Estivemos fazendo uma visita na sede e vimos o quanto \u00e9 necess\u00e1rio a instala\u00e7\u00e3o dos aparelhos, informo ainda que, por conta do calor insuport\u00e1vel, o atendimento a popula\u00e7\u00e3o acaba sendo prejudicado.","indexacao":"","observacao":"Indica\u00e7\u00e3o aprovada por deferimento pela Presid\u00eancia.","resultado":"","texto_original":"http://sapl.sarandi.pr.leg.br/media/sapl/public/materialegislativa/2024/5067/indicacao_no_089-2024.pdf","data_ultima_atualizacao":"2024-07-19T17:48:02.216906-03:00","ip":"187.32.212.201","ultima_edicao":"2024-07-19T17:48:02.043095-03:00","tipo":14,"regime_tramitacao":1,"tipo_origem_externa":null,"local_origem_externa":null,"user":41,"anexadas":[],"autores":[1]}