{"id":5341,"__str__":"Projeto de Lei Ordin\u00e1ria n\u00ba 2366 de 2014","link_detail_backend":"/materia/5341","metadata":{},"numero":2366,"ano":2014,"numero_protocolo":null,"data_apresentacao":"2014-09-22","tipo_apresentacao":"E","data_publicacao":null,"numero_origem_externa":"","ano_origem_externa":null,"data_origem_externa":null,"apelido":"","dias_prazo":null,"data_fim_prazo":null,"em_tramitacao":false,"polemica":false,"objeto":"","complementar":false,"ementa":"DISP\u00d5E SOBRE AUTORIZA\u00c7\u00c3O PARA A ALTERA\u00c7\u00c3O DO FERIADO DE ANIVERS\u00c1RIO DO MUNIC\u00cdPIO, NA FORMA QUE ESPECIFICA.","indexacao":"AUTORIZA\u00c7\u00c3O ALTERA\u00c7\u00c3O FERIADO ANIVERS\u00c1RIO","observacao":"RELATOR DA CLJRF - ADILSON MARQUES DA SILVA - PARECER CONJUNTO\r\nRELATOR DA COF - ERASMO CARDOSO PEREIRA - PARECER CONJUNTO","resultado":"","texto_original":null,"data_ultima_atualizacao":"2024-04-23T16:38:23.832336-03:00","ip":"187.32.212.201","ultima_edicao":"2024-04-23T16:35:40.049604-03:00","tipo":1,"regime_tramitacao":1,"tipo_origem_externa":null,"local_origem_externa":null,"user":41,"anexadas":[],"autores":[26]}