{"id":5694,"__str__":"Projeto de Lei Ordin\u00e1ria n\u00ba 2121 de 2011","link_detail_backend":"/materia/5694","metadata":{},"numero":2121,"ano":2011,"numero_protocolo":null,"data_apresentacao":"2011-10-18","tipo_apresentacao":"E","data_publicacao":null,"numero_origem_externa":"","ano_origem_externa":null,"data_origem_externa":null,"apelido":"","dias_prazo":null,"data_fim_prazo":null,"em_tramitacao":false,"polemica":false,"objeto":"","complementar":false,"ementa":"D\u00c1 DENOMINA\u00c7\u00c3O \u00c0 AVENIDA \"A\" NO JARDIM NOVA SARANDI II.","indexacao":"DENOMINA\u00c7\u00c3O AVENIDA JARDIM PIONEIRO ISRAEL SOUZA MORAIS","observacao":"RELATOR DA CLJRF - BELMIRO DA SILVA FARIAS - PARECER CONJUNTO\r\nRELATOR DA COF - CILAS SOUZA MORAIS - PARECER CONJUNTO","resultado":"","texto_original":"http://sapl.sarandi.pr.leg.br/media/sapl/public/materialegislativa/2011/5694/proj._lei_no_2121-2011.pdf","data_ultima_atualizacao":"2024-06-03T17:11:14.397288-03:00","ip":"187.32.212.201","ultima_edicao":"2024-06-03T17:08:15.095469-03:00","tipo":1,"regime_tramitacao":1,"tipo_origem_externa":null,"local_origem_externa":null,"user":41,"anexadas":[],"autores":[41,1,9,45,39]}