{"id":5699,"__str__":"Projeto de Lei Ordin\u00e1ria n\u00ba 2116 de 2011","link_detail_backend":"/materia/5699","metadata":{},"numero":2116,"ano":2011,"numero_protocolo":null,"data_apresentacao":"2011-10-10","tipo_apresentacao":"E","data_publicacao":null,"numero_origem_externa":"","ano_origem_externa":null,"data_origem_externa":null,"apelido":"","dias_prazo":null,"data_fim_prazo":null,"em_tramitacao":false,"polemica":false,"objeto":"","complementar":false,"ementa":"D\u00c1 DENOMINA\u00c7\u00c3O \u00c0 RUA 16, NO RESIDENCIAL S\u00c3O JOS\u00c9 II.","indexacao":"DENOMINA\u00c7\u00c3O RUA RESIDENCIAL S\u00c3O JOS\u00c9 ANTONIO ILARIO MICHELINI","observacao":"RELATOR DA CLJRF - BELMIRO DA SILVA FARIAS - PARECER CONJUNTO\r\nRELATOR DA COF - CILAS SOUZA MORAIS - PARECER CONJUNTO","resultado":"","texto_original":"http://sapl.sarandi.pr.leg.br/media/sapl/public/materialegislativa/2011/5699/proj._lei_no_2116-2011.pdf","data_ultima_atualizacao":"2024-06-04T12:18:33.911805-03:00","ip":"187.32.212.201","ultima_edicao":"2024-06-04T12:15:15.523209-03:00","tipo":1,"regime_tramitacao":1,"tipo_origem_externa":null,"local_origem_externa":null,"user":41,"anexadas":[],"autores":[40]}