{"id":6049,"__str__":"Projeto de Lei Ordin\u00e1ria n\u00ba 1829 de 2009","link_detail_backend":"/materia/6049","metadata":{},"numero":1829,"ano":2009,"numero_protocolo":null,"data_apresentacao":"2009-06-19","tipo_apresentacao":"E","data_publicacao":null,"numero_origem_externa":"","ano_origem_externa":null,"data_origem_externa":null,"apelido":"","dias_prazo":null,"data_fim_prazo":null,"em_tramitacao":false,"polemica":false,"objeto":"","complementar":false,"ementa":"Institui a Semana de Preven\u00e7\u00e3o ao Alcoolismo.","indexacao":"semana preven\u00e7\u00e3o alcoolismo agosto sa\u00fade anualmente calend\u00e1rio","observacao":"Relator da CLJRF - Jos\u00e9 Roberto Grava - Parecer conjunto\r\nRelator da COF - Luiz Carlos de Aguiar - Parecer conjunto","resultado":"","texto_original":"http://sapl.sarandi.pr.leg.br/media/sapl/public/materialegislativa/2009/6049/proj._lei_no_1829-2009.pdf","data_ultima_atualizacao":"2024-07-02T15:33:20.260179-03:00","ip":"187.32.212.201","ultima_edicao":"2024-07-02T15:31:40.747464-03:00","tipo":1,"regime_tramitacao":1,"tipo_origem_externa":null,"local_origem_externa":null,"user":41,"anexadas":[],"autores":[9]}