{"id":6053,"__str__":"Projeto de Lei Ordin\u00e1ria n\u00ba 1825 de 2009","link_detail_backend":"/materia/6053","metadata":{},"numero":1825,"ano":2009,"numero_protocolo":null,"data_apresentacao":"2009-06-02","tipo_apresentacao":"E","data_publicacao":null,"numero_origem_externa":"","ano_origem_externa":null,"data_origem_externa":null,"apelido":"","dias_prazo":null,"data_fim_prazo":null,"em_tramitacao":false,"polemica":false,"objeto":"","complementar":false,"ementa":"Institui nas escolas da rede p\u00fablica municipal de ensino o Programa de conscientiza\u00e7\u00e3o e preven\u00e7\u00e3o da anorexia e bulimia nervosa.","indexacao":"institui escola ensino educa\u00e7\u00e3o conscientiza\u00e7\u00e3o anorexia bulimia","observacao":"Relator da CLJRF - Jos\u00e9 Roberto Grava - Parecer conjunto\r\nRelator da COF - Luiz Carlos de Aguiar - Parecer conjunto","resultado":"","texto_original":"http://sapl.sarandi.pr.leg.br/media/sapl/public/materialegislativa/2009/6053/proj._lei_no_1825-2009.pdf","data_ultima_atualizacao":"2024-07-02T15:43:21.641595-03:00","ip":"187.32.212.201","ultima_edicao":"2024-07-02T15:41:25.746934-03:00","tipo":1,"regime_tramitacao":1,"tipo_origem_externa":null,"local_origem_externa":null,"user":41,"anexadas":[],"autores":[9]}