{"id":6054,"__str__":"Projeto de Lei Ordin\u00e1ria n\u00ba 1824 de 2009","link_detail_backend":"/materia/6054","metadata":{},"numero":1824,"ano":2009,"numero_protocolo":null,"data_apresentacao":"2009-06-08","tipo_apresentacao":"E","data_publicacao":null,"numero_origem_externa":"021","ano_origem_externa":2009,"data_origem_externa":"2009-08-02","apelido":"","dias_prazo":null,"data_fim_prazo":null,"em_tramitacao":false,"polemica":false,"objeto":"","complementar":false,"ementa":"Disp\u00f5e sobre os empregos p\u00fablicos a serem criados no \u00e2mbito da Administra\u00e7\u00e3o Direta do Munic\u00edpio de Sarandi, objetivando operacionalizar a execu\u00e7\u00e3o de programas descentralizados na \u00e1rea da sa\u00fade p\u00fablica firmados atrav\u00e9s de conv\u00eanio ou ajustes similares com o Governo Federal ou Estadual.","indexacao":"empregos descentralizado sa\u00fade conv\u00eanio governo","observacao":"Relator da CLJRF - Jos\u00e9 Roberto Grava - Parecer conjunto\r\nRelator da COF - Luiz Carlos de Aguiar - Parecer conjunto","resultado":"","texto_original":"http://sapl.sarandi.pr.leg.br/media/sapl/public/materialegislativa/2009/6054/proj._lei_no_1824-2009.pdf","data_ultima_atualizacao":"2024-07-02T15:46:07.596727-03:00","ip":"187.32.212.201","ultima_edicao":"2024-07-02T15:43:37.656722-03:00","tipo":1,"regime_tramitacao":1,"tipo_origem_externa":4,"local_origem_externa":1,"user":41,"anexadas":[],"autores":[49]}