{"id":7248,"__str__":"Requerimento n\u00ba 231 de 2024","link_detail_backend":"/materia/7248","metadata":{},"numero":231,"ano":2024,"numero_protocolo":6983,"data_apresentacao":"2024-10-11","tipo_apresentacao":"E","data_publicacao":null,"numero_origem_externa":"","ano_origem_externa":null,"data_origem_externa":null,"apelido":"","dias_prazo":null,"data_fim_prazo":null,"em_tramitacao":true,"polemica":false,"objeto":"","complementar":false,"ementa":"Of\u00edcio ao senhor Prefeito, solicitando que informe a esta Casa de Leis, se h\u00e1 estudos para a implanta\u00e7\u00e3o de l\u00e2mpadas de LED em toda a extens\u00e3o da Colombo, no Munic\u00edpio.\r\nITEM V \u2013 Requerimento n\u00ba 232/2024, do vereador Eunildo Zanchim \u201cNild\u00e3o\u201d,","indexacao":"","observacao":"","resultado":"","texto_original":"http://sapl.sarandi.pr.leg.br/media/sapl/public/materialegislativa/2024/7248/requerimento_no_231-2024.pdf","data_ultima_atualizacao":"2024-10-16T13:46:25.980218-03:00","ip":"187.32.212.201","ultima_edicao":"2024-10-16T13:46:25.885491-03:00","tipo":3,"regime_tramitacao":1,"tipo_origem_externa":null,"local_origem_externa":null,"user":35,"anexadas":[],"autores":[14]}