{"id":7249,"__str__":"Requerimento n\u00ba 232 de 2024","link_detail_backend":"/materia/7249","metadata":{},"numero":232,"ano":2024,"numero_protocolo":6984,"data_apresentacao":"2024-10-11","tipo_apresentacao":"E","data_publicacao":null,"numero_origem_externa":"","ano_origem_externa":null,"data_origem_externa":null,"apelido":"","dias_prazo":null,"data_fim_prazo":null,"em_tramitacao":true,"polemica":false,"objeto":"","complementar":false,"ementa":"Of\u00edcio ao senhor Prefeito, solicitando que informe a esta Casa de Leis, quais provid\u00eancias est\u00e3o sendo tomadas junto \u00e0 Copel e as operadoras de telefonia e internet que cobre toda \u00e1rea urbana de Sarandi. \u00c9 vis\u00edvel o descaso que est\u00e3o tendo com os fios soltos ou amarrados em locais indevidos, que al\u00e9m da polui\u00e7\u00e3o visual, est\u00e3o causando transtornos aos pedestres e motoristas, pois n\u00e3o \u00e9 vis\u00edvel o risco que estes cabos podem causar caso esteja em contado com algu\u00e9m ou ve\u00edculo.","indexacao":"","observacao":"","resultado":"","texto_original":"http://sapl.sarandi.pr.leg.br/media/sapl/public/materialegislativa/2024/7249/requerimento_no_232-2024.pdf","data_ultima_atualizacao":"2024-10-16T13:46:00.361862-03:00","ip":"187.32.212.201","ultima_edicao":"2024-10-16T13:46:00.253406-03:00","tipo":3,"regime_tramitacao":1,"tipo_origem_externa":null,"local_origem_externa":null,"user":35,"anexadas":[],"autores":[9]}