{"id":7785,"__str__":"Mo\u00e7\u00e3o n\u00ba 88 de 2024","link_detail_backend":"/materia/7785","metadata":{},"numero":88,"ano":2024,"numero_protocolo":7154,"data_apresentacao":"2024-11-14","tipo_apresentacao":"E","data_publicacao":null,"numero_origem_externa":"","ano_origem_externa":null,"data_origem_externa":null,"apelido":"","dias_prazo":null,"data_fim_prazo":null,"em_tramitacao":true,"polemica":false,"objeto":"","complementar":false,"ementa":"requer que seja consignada mo\u00e7\u00e3o com votos de louvor e congratula\u00e7\u00f5es \u00e0 servidora Edn\u00e9ia Correia da Silva respons\u00e1vel pelo setor de educa\u00e7\u00e3o especial pelo excelente servi\u00e7o prestado as escolas, equipes pedag\u00f3gicas, crian\u00e7as e as fam\u00edlias destas crian\u00e7as por meio do exerc\u00edcio de suas atividades e trabalho no ambiente escolar, vem contribuindo na hist\u00f3ria da educa\u00e7\u00e3o de Sarandi, para a forma\u00e7\u00e3o das crian\u00e7as com o olhar voltado para suas necessidades especiais.","indexacao":"","observacao":"","resultado":"","texto_original":"http://sapl.sarandi.pr.leg.br/media/sapl/public/materialegislativa/2024/7785/mocao_no_88_2024.pdf","data_ultima_atualizacao":"2024-11-21T14:13:59.060575-03:00","ip":"187.32.212.201","ultima_edicao":"2024-11-21T14:13:58.925813-03:00","tipo":7,"regime_tramitacao":1,"tipo_origem_externa":null,"local_origem_externa":null,"user":35,"anexadas":[],"autores":[32]}