{"id":7807,"__str__":"Indica\u00e7\u00e3o n\u00ba 381 de 2024","link_detail_backend":"/materia/7807","metadata":{},"numero":381,"ano":2024,"numero_protocolo":7177,"data_apresentacao":"2024-11-14","tipo_apresentacao":"E","data_publicacao":null,"numero_origem_externa":"","ano_origem_externa":null,"data_origem_externa":null,"apelido":"","dias_prazo":null,"data_fim_prazo":null,"em_tramitacao":true,"polemica":false,"objeto":"","complementar":false,"ementa":"indica ao senhor Prefeito que crie o programa \u201cDe Volta ao Trabalho\u201d no Munic\u00edpio de Sarandi.O programa \u201cDe Volta ao Trabalho\u201d, destinado a estimular a reinser\u00e7\u00e3o dos idosos no mercado de trabalho. \u00c9 papel do poder p\u00fablico promover a\u00e7\u00f5es que incentivem a reinser\u00e7\u00e3o dos idosos no mercado de trabalho. O projeto tem ainda a import\u00e2ncia de reduzir desigualdades sociais, considerando que boa parte das fam\u00edlias de Sarandi dependem da atividade econ\u00f4mica dos idosos para ter seu sustento.","indexacao":"","observacao":"","resultado":"","texto_original":"http://sapl.sarandi.pr.leg.br/media/sapl/public/materialegislativa/2024/7807/indicacao_no_381-2024.pdf","data_ultima_atualizacao":"2024-11-25T16:06:47.723334-03:00","ip":"187.32.212.201","ultima_edicao":"2024-11-21T13:44:16.450053-03:00","tipo":14,"regime_tramitacao":1,"tipo_origem_externa":null,"local_origem_externa":null,"user":35,"anexadas":[],"autores":[14]}