{"id":7831,"__str__":"Projeto de Lei Ordin\u00e1ria n\u00ba 585 de 1993","link_detail_backend":"/materia/7831","metadata":{},"numero":585,"ano":1993,"numero_protocolo":null,"data_apresentacao":"1993-09-13","tipo_apresentacao":"E","data_publicacao":null,"numero_origem_externa":"","ano_origem_externa":null,"data_origem_externa":null,"apelido":"","dias_prazo":null,"data_fim_prazo":null,"em_tramitacao":false,"polemica":false,"objeto":"","complementar":false,"ementa":"Autoriza o Chefe do Poder Executivo Municipal a encetar campanha para aumentar o n\u00famero de ve\u00edculos emplacados no munic\u00edpio e d\u00e1 outras provid\u00eancias.","indexacao":"encetar campanha ve\u00edculo placa emplacado campanha conscientiza\u00e7\u00e3o","observacao":"Relator da CLJRF - Jos\u00e9 Amaral de Souza - Parecer conjunto\r\nRelator da COF - Nelson Mariano da Silva - Parecer conjunto","resultado":"","texto_original":"http://sapl.sarandi.pr.leg.br/media/sapl/public/materialegislativa/1993/7831/proj._lei_no_585-1993.pdf","data_ultima_atualizacao":"2024-11-18T16:59:20.385672-03:00","ip":"187.32.212.201","ultima_edicao":"2024-11-18T16:57:40.806709-03:00","tipo":1,"regime_tramitacao":1,"tipo_origem_externa":null,"local_origem_externa":null,"user":41,"anexadas":[],"autores":[66]}