{"id":8345,"__str__":"Projeto de Lei Ordin\u00e1ria n\u00ba 102 de 1985","link_detail_backend":"/materia/8345","metadata":{},"numero":102,"ano":1985,"numero_protocolo":null,"data_apresentacao":"1985-09-18","tipo_apresentacao":"E","data_publicacao":null,"numero_origem_externa":"32","ano_origem_externa":1985,"data_origem_externa":"1985-09-18","apelido":"","dias_prazo":null,"data_fim_prazo":null,"em_tramitacao":false,"polemica":false,"objeto":"","complementar":false,"ementa":"Concede isen\u00e7\u00e3o das taxas de meio-fio com sarjetas e paralelep\u00edpedos da Associa\u00e7\u00e3o Maternal de Sarandi \u2014 AMAS, desta cidade e d\u00e1 outras provid\u00eancias.","indexacao":"isen\u00e7\u00e3o taxas meio-fio sarjetas paralelep\u00edpedos AMAS","observacao":"Relator da CLJRF - Jos\u00e9 Fernandes de Ara\u00fajo - Parecer conjunto\r\nRelator da COF -Jos\u00e9 Fernandes de Ara\u00fajo - Parecer conjunto","resultado":"","texto_original":"http://sapl.sarandi.pr.leg.br/media/sapl/public/materialegislativa/1985/8345/proj._lei_no_102-1985.pdf","data_ultima_atualizacao":"2025-01-29T17:28:37.433529-03:00","ip":"187.32.212.201","ultima_edicao":"2025-01-29T17:24:41.035925-03:00","tipo":1,"regime_tramitacao":1,"tipo_origem_externa":4,"local_origem_externa":1,"user":44,"anexadas":[],"autores":[79]}