{"id":8645,"__str__":"Projeto de Lei Complementar n\u00ba 342 de 2012","link_detail_backend":"/materia/8645","metadata":{},"numero":342,"ano":2012,"numero_protocolo":null,"data_apresentacao":"2012-02-22","tipo_apresentacao":"E","data_publicacao":null,"numero_origem_externa":"16","ano_origem_externa":2012,"data_origem_externa":"2012-02-10","apelido":"","dias_prazo":null,"data_fim_prazo":null,"em_tramitacao":false,"polemica":false,"objeto":"","complementar":false,"ementa":"Acrescenta \u00e0 Subse\u00e7\u00e3o XIII, com o artigo 106-B, \u00e0 Lei Complementar n\u00ba 10/92.","indexacao":"gratifica\u00e7\u00e3o comiss\u00e3o sindic\u00e2ncia","observacao":"Relator da CLJRF - Jo\u00e3o de Lara Vieira - Parecer conjunto\r\nRelator da COF - Belmiro da Silva Farias \"Belmiro Barbeiro\" - Parecer conjunto","resultado":"","texto_original":"http://sapl.sarandi.pr.leg.br/media/sapl/public/materialegislativa/2012/8645/proj._lei_compl._no_342-2012.pdf","data_ultima_atualizacao":"2025-02-10T16:58:48.188514-03:00","ip":"187.32.212.201","ultima_edicao":"2025-02-10T16:51:56.969987-03:00","tipo":5,"regime_tramitacao":1,"tipo_origem_externa":4,"local_origem_externa":1,"user":41,"anexadas":[],"autores":[26]}