{"id":8719,"__str__":"Projeto de Lei Complementar n\u00ba 267 de 2009","link_detail_backend":"/materia/8719","metadata":{},"numero":267,"ano":2009,"numero_protocolo":null,"data_apresentacao":"2009-05-25","tipo_apresentacao":"E","data_publicacao":null,"numero_origem_externa":"","ano_origem_externa":2009,"data_origem_externa":null,"apelido":"","dias_prazo":null,"data_fim_prazo":null,"em_tramitacao":false,"polemica":false,"objeto":"","complementar":false,"ementa":"Institui o Plano Diretor de Uso e Ocupa\u00e7\u00e3o do Solo, que disp\u00f5e sobre o Per\u00edmetro Urbano do Munic\u00edpio de Sarandi.","indexacao":"plano diretor","observacao":"Relator da CLJRF - Jos\u00e9 Roberto Grava - Parecer conjunto\r\nRelator da COF - Luiz Carlos de Aguiar - Parecer conjunto\r\nRelator da COSP - Jos\u00e9 Roberto Grava - Parecer conjunto\r\nRelator da CESA - Eunildo Zanchim \"Nild\u00e3o\" - Parecer conjunto","resultado":"","texto_original":"http://sapl.sarandi.pr.leg.br/media/sapl/public/materialegislativa/2009/8719/proj._lei_compl._no_267-2009.pdf","data_ultima_atualizacao":"2025-02-13T14:48:00.731467-03:00","ip":"187.32.212.201","ultima_edicao":"2025-02-13T14:46:21.446927-03:00","tipo":5,"regime_tramitacao":1,"tipo_origem_externa":4,"local_origem_externa":1,"user":41,"anexadas":[],"autores":[49]}