{"id":8739,"__str__":"Projeto de Lei Complementar n\u00ba 253 de 2009","link_detail_backend":"/materia/8739","metadata":{},"numero":253,"ano":2009,"numero_protocolo":null,"data_apresentacao":"2009-07-06","tipo_apresentacao":"E","data_publicacao":null,"numero_origem_externa":"23","ano_origem_externa":2009,"data_origem_externa":"2009-06-19","apelido":"","dias_prazo":null,"data_fim_prazo":null,"em_tramitacao":false,"polemica":false,"objeto":"","complementar":false,"ementa":"Cria cargo de provimento efetivo, vagas e d\u00e1 outras provid\u00eancias.","indexacao":"m\u00e9dico plantonista sa\u00fade","observacao":"Relator da CLJRF - Jos\u00e9 Roberto Grava - Parecer conjunto\r\nRelator da COF - Luiz Carlos de Aguiar - Parecer conjunto","resultado":"","texto_original":"http://sapl.sarandi.pr.leg.br/media/sapl/public/materialegislativa/2009/8739/proj._lei_compl._no_253-2009.pdf","data_ultima_atualizacao":"2025-02-13T17:29:45.931135-03:00","ip":"187.32.212.201","ultima_edicao":"2025-02-13T17:27:53.614019-03:00","tipo":5,"regime_tramitacao":1,"tipo_origem_externa":4,"local_origem_externa":1,"user":41,"anexadas":[],"autores":[49]}