{"id":8754,"__str__":"Projeto de Lei Complementar n\u00ba 238 de 2009","link_detail_backend":"/materia/8754","metadata":{},"numero":238,"ano":2009,"numero_protocolo":null,"data_apresentacao":"2009-02-02","tipo_apresentacao":"E","data_publicacao":null,"numero_origem_externa":"","ano_origem_externa":2009,"data_origem_externa":null,"apelido":"","dias_prazo":null,"data_fim_prazo":null,"em_tramitacao":false,"polemica":false,"objeto":"","complementar":false,"ementa":"Disp\u00f5e sobre a defini\u00e7\u00e3o, concep\u00e7\u00e3o, ordena\u00e7\u00e3o e acessibilidade do mobili\u00e1rio urbano de Sarandi em conformidade com a Lei do Plano Diretor Municipal e d\u00e1 outras provid\u00eancias.","indexacao":"plano diretor","observacao":"Projeto de Lei Complementar arquivado em 17/9/2009.","resultado":"","texto_original":"http://sapl.sarandi.pr.leg.br/media/sapl/public/materialegislativa/2009/8754/proj._lei_compl._no_238-2009.pdf","data_ultima_atualizacao":"2025-02-14T13:33:43.728760-03:00","ip":"187.32.212.201","ultima_edicao":"2025-02-14T13:31:26.219788-03:00","tipo":5,"regime_tramitacao":1,"tipo_origem_externa":4,"local_origem_externa":1,"user":41,"anexadas":[],"autores":[49]}