{"id":8837,"__str__":"Projeto de Lei Complementar n\u00ba 206 de 2008","link_detail_backend":"/materia/8837","metadata":{},"numero":206,"ano":2008,"numero_protocolo":null,"data_apresentacao":"2008-03-31","tipo_apresentacao":"E","data_publicacao":null,"numero_origem_externa":"","ano_origem_externa":null,"data_origem_externa":null,"apelido":"","dias_prazo":null,"data_fim_prazo":null,"em_tramitacao":false,"polemica":false,"objeto":"","complementar":false,"ementa":"Inclui rua no Eixo de Com\u00e9rcio e Servi\u00e7os, na forma que especifica.","indexacao":"rua eixo com\u00e9rcio servi\u00e7os joaquim nabuco avenida barcelona montreal","observacao":"Relator da CLJRF - Cilas Souza Morais - Parecer conjunto\r\nRelator da COF - Claudionei Aparecido Vitorino da Silva - Parecer conjunto","resultado":"","texto_original":"http://sapl.sarandi.pr.leg.br/media/sapl/public/materialegislativa/2008/8837/proj._lei_compl._no_206-2008.pdf","data_ultima_atualizacao":"2025-02-17T14:12:55.806766-03:00","ip":"187.32.212.201","ultima_edicao":"2025-02-17T14:11:42.062275-03:00","tipo":5,"regime_tramitacao":1,"tipo_origem_externa":null,"local_origem_externa":null,"user":41,"anexadas":[],"autores":[1]}