{"id":8934,"__str__":"Requerimento n\u00ba 28 de 2025","link_detail_backend":"/materia/8934","metadata":{},"numero":28,"ano":2025,"numero_protocolo":148,"data_apresentacao":"2025-02-21","tipo_apresentacao":"E","data_publicacao":null,"numero_origem_externa":"","ano_origem_externa":null,"data_origem_externa":null,"apelido":"","dias_prazo":null,"data_fim_prazo":null,"em_tramitacao":true,"polemica":false,"objeto":"","complementar":false,"ementa":"Of\u00edcio ao senhor Prefeito solicitando que informe a esta Casa Legislativa se existe planejamento para compra de novos \u00f4nibus escolares, para realizar o transporte dos alunos da rede municipal e estadual do Munic\u00edpio de Sarandi. A compra de \u00f4nibus escolares para o Munic\u00edpio \u00e9 essencial, principalmente relacionadas ao acesso \u00e0 educa\u00e7\u00e3o, \u00e0 seguran\u00e7a dos alunos e ao desenvolvimento social e econ\u00f4mico da comunidade.","indexacao":"","observacao":"","resultado":"","texto_original":"http://sapl.sarandi.pr.leg.br/media/sapl/public/materialegislativa/2025/8934/requerimento_28-2025.pdf","data_ultima_atualizacao":"2025-03-07T13:49:38.093546-03:00","ip":"187.32.212.201","ultima_edicao":"2025-03-07T13:49:37.962900-03:00","tipo":3,"regime_tramitacao":1,"tipo_origem_externa":null,"local_origem_externa":null,"user":35,"anexadas":[],"autores":[29]}