{"id":8997,"__str__":"Projeto de Lei Complementar n\u00ba 72 de 2001","link_detail_backend":"/materia/8997","metadata":{},"numero":72,"ano":2001,"numero_protocolo":null,"data_apresentacao":"2001-11-12","tipo_apresentacao":"E","data_publicacao":null,"numero_origem_externa":"32","ano_origem_externa":2001,"data_origem_externa":"2001-09-12","apelido":"","dias_prazo":null,"data_fim_prazo":null,"em_tramitacao":false,"polemica":false,"objeto":"","complementar":false,"ementa":"Cria e eleva o n\u00famero de vagas dos cargos efetivos da Lei Complementar n\u00ba 16/93, e suas altera\u00e7\u00f5es.","indexacao":"m\u00e9dico ginecologista pediatra cardiologista ortopedista enfermeiro odont\u00f3logo farmac\u00eautico enfermagem lavador fiscal","observacao":"Relator da CLJRF - Jos\u00e9 Duarte - Parecer conjunto\r\nRelator da COF - Jo\u00e3o de Lara Vieira - Parecer conjunto","resultado":"","texto_original":"http://sapl.sarandi.pr.leg.br/media/sapl/public/materialegislativa/2001/8997/proj._lei_compl._no_72-2001.pdf","data_ultima_atualizacao":"2025-02-25T13:39:29.241738-03:00","ip":"187.32.212.201","ultima_edicao":"2025-02-25T13:32:28.871475-03:00","tipo":5,"regime_tramitacao":1,"tipo_origem_externa":4,"local_origem_externa":1,"user":41,"anexadas":[],"autores":[52]}