{"id":9037,"__str__":"Projeto de Lei Complementar n\u00ba 32 de 1995","link_detail_backend":"/materia/9037","metadata":{},"numero":32,"ano":1995,"numero_protocolo":null,"data_apresentacao":"1995-06-12","tipo_apresentacao":"E","data_publicacao":null,"numero_origem_externa":"","ano_origem_externa":null,"data_origem_externa":null,"apelido":"","dias_prazo":null,"data_fim_prazo":null,"em_tramitacao":false,"polemica":false,"objeto":"","complementar":false,"ementa":"Disp\u00f5e sobre inclus\u00e3o de avenida no Eixo de Com\u00e9rcio e d\u00e1 outras provid\u00eancias.","indexacao":"avenida montevid\u00e9u","observacao":"Relator da CLJRF - Cilas Souza Morais - Parecer conjunto\r\nRelator da COF - Andr\u00e9 Rodrigues da Silva - Parecer conjunto","resultado":"","texto_original":"http://sapl.sarandi.pr.leg.br/media/sapl/public/materialegislativa/1995/9037/proj._lei_compl._no_32-1995.pdf","data_ultima_atualizacao":"2025-02-25T16:58:09.215006-03:00","ip":"187.32.212.201","ultima_edicao":"2025-02-25T16:56:32.215133-03:00","tipo":5,"regime_tramitacao":1,"tipo_origem_externa":null,"local_origem_externa":null,"user":41,"anexadas":[],"autores":[69]}